{"id":1229,"date":"2020-07-17T04:51:09","date_gmt":"2020-07-17T07:51:09","guid":{"rendered":"https:\/\/cadotx.com\/church\/?p=1229"},"modified":"2020-07-17T06:48:44","modified_gmt":"2020-07-17T09:48:44","slug":"la-provision-de-dios","status":"publish","type":"post","link":"https:\/\/cadotx.com\/church\/la-provision-de-dios\/","title":{"rendered":"Altares de Adoraci\u00f3n: La provisi\u00f3n de Dios"},"content":{"rendered":"\t\t<div data-elementor-type=\"wp-post\" data-elementor-id=\"1229\" class=\"elementor elementor-1229\">\n\t\t\t\t\t\t<section class=\"elementor-section elementor-top-section elementor-element elementor-element-7106285 elementor-section-boxed elementor-section-height-default elementor-section-height-default\" data-id=\"7106285\" data-element_type=\"section\">\n\t\t\t\t\t\t<div class=\"elementor-container elementor-column-gap-default\">\n\t\t\t\t\t<div class=\"elementor-column elementor-col-100 elementor-top-column elementor-element elementor-element-7959c04\" data-id=\"7959c04\" data-element_type=\"column\">\n\t\t\t<div class=\"elementor-widget-wrap elementor-element-populated\">\n\t\t\t\t\t\t<div class=\"elementor-element elementor-element-a11abb5 elementor-widget elementor-widget-heading\" data-id=\"a11abb5\" data-element_type=\"widget\" data-widget_type=\"heading.default\">\n\t\t\t\t<div class=\"elementor-widget-container\">\n\t\t\t\t\t<h3 class=\"elementor-heading-title elementor-size-default\">Para que Abraham fuese conocido como el padre de la Fe, no fue solo porque crey\u00f3 y obedeci\u00f3, el fue probado en muchas situaciones. <\/h3>\t\t\t\t<\/div>\n\t\t\t\t<\/div>\n\t\t\t\t\t<\/div>\n\t\t<\/div>\n\t\t\t\t\t<\/div>\n\t\t<\/section>\n\t\t\t\t<section class=\"elementor-section elementor-top-section elementor-element elementor-element-edc1851 elementor-section-boxed elementor-section-height-default elementor-section-height-default\" data-id=\"edc1851\" data-element_type=\"section\">\n\t\t\t\t\t\t<div class=\"elementor-container elementor-column-gap-default\">\n\t\t\t\t\t<div class=\"elementor-column elementor-col-100 elementor-top-column elementor-element elementor-element-598f1f7\" data-id=\"598f1f7\" data-element_type=\"column\">\n\t\t\t<div class=\"elementor-widget-wrap elementor-element-populated\">\n\t\t\t\t\t\t<div class=\"elementor-element elementor-element-e503f2a elementor-widget elementor-widget-text-editor\" data-id=\"e503f2a\" data-element_type=\"widget\" data-widget_type=\"text-editor.default\">\n\t\t\t\t<div class=\"elementor-widget-container\">\n\t\t\t\t\t\t\t\t\t<p><a href=\"https:\/\/classic.biblegateway.com\/passage\/?search=genesis+22%3A+2&amp;version=RVR1960\" target=\"_blank\" rel=\"noopener\"><strong>G\u00e9nesis 22:2 <\/strong><\/a><\/p><p style=\"text-align: center;\">Y dijo: Toma ahora tu hijo, tu \u00fanico, Isaac, a quien amas, y vete a tierra de Moriah, y ofr\u00e9celo all\u00ed en holocausto sobre uno de los montes que yo te dir\u00e9.<\/p>\t\t\t\t\t\t\t\t<\/div>\n\t\t\t\t<\/div>\n\t\t\t\t\t<\/div>\n\t\t<\/div>\n\t\t\t\t\t<\/div>\n\t\t<\/section>\n\t\t\t\t<section class=\"elementor-section elementor-top-section elementor-element elementor-element-837416b elementor-section-boxed elementor-section-height-default elementor-section-height-default\" data-id=\"837416b\" data-element_type=\"section\">\n\t\t\t\t\t\t<div class=\"elementor-container elementor-column-gap-default\">\n\t\t\t\t\t<div class=\"elementor-column elementor-col-100 elementor-top-column elementor-element elementor-element-32f9142\" data-id=\"32f9142\" data-element_type=\"column\">\n\t\t\t<div class=\"elementor-widget-wrap elementor-element-populated\">\n\t\t\t\t\t\t<div class=\"elementor-element elementor-element-c80106f elementor-widget elementor-widget-text-editor\" data-id=\"c80106f\" data-element_type=\"widget\" data-widget_type=\"text-editor.default\">\n\t\t\t\t<div class=\"elementor-widget-container\">\n\t\t\t\t\t\t\t\t\t<p>Abraham, para que fuese conocido como el padre de la Fe, no fue solo porque crey\u00f3 y obedeci\u00f3. \u00c9l fue probado en muchas situaciones. Pero la m\u00e1s severa de todas definitivamente fue la que Dios le dijo: \u201cofrece a tu hijo en holocausto\u201d. \u00a0Abraham sab\u00eda lo que era esperar, obedecer y hacer un altar.<\/p><p>Toda la ense\u00f1anza que vemos en el antiguo testamento la vemos cumplida en el nuevo testamento en nuestro Se\u00f1or Jesucristo.<\/p><p>\u201cY Abraham se levant\u00f3 muy de ma\u00f1ana, y enalbard\u00f3 su asno, y tom\u00f3 consigo dos siervos suyos, y a Isaac su hijo; y cort\u00f3 le\u00f1a para el holocausto, y se levant\u00f3, y fue al lugar que Dios le dijo\u201d G\u00e9nesis 22:3<\/p><p>En este vers\u00edculo vemos que Abraham no espero que pasara el d\u00eda. Se levant\u00f3 muy de ma\u00f1ana, prepar\u00f3 su asno, llev\u00f3 2 criados, y a su \u201ccordero\u201d que Dios le hab\u00eda pedido para sacrificar. El mismo cort\u00f3 la le\u00f1a para el holocausto. Al ver esto como sombra en el antiguo testamento lo vemos revelado en el nuevo testamento.<\/p>\t\t\t\t\t\t\t\t<\/div>\n\t\t\t\t<\/div>\n\t\t\t\t\t<\/div>\n\t\t<\/div>\n\t\t\t\t\t<\/div>\n\t\t<\/section>\n\t\t\t\t<section class=\"elementor-section elementor-top-section elementor-element elementor-element-5e0c8de elementor-section-boxed elementor-section-height-default elementor-section-height-default\" data-id=\"5e0c8de\" data-element_type=\"section\">\n\t\t\t\t\t\t<div class=\"elementor-container elementor-column-gap-default\">\n\t\t\t\t\t<div class=\"elementor-column elementor-col-100 elementor-top-column elementor-element elementor-element-36255c0\" data-id=\"36255c0\" data-element_type=\"column\">\n\t\t\t<div class=\"elementor-widget-wrap elementor-element-populated\">\n\t\t\t\t\t\t<div class=\"elementor-element elementor-element-126baaf elementor-widget elementor-widget-text-editor\" data-id=\"126baaf\" data-element_type=\"widget\" data-widget_type=\"text-editor.default\">\n\t\t\t\t<div class=\"elementor-widget-container\">\n\t\t\t\t\t\t\t\t\t<p style=\"text-align: center;\"><span style=\"font-size: 14pt;\">Analice los siguientes vers\u00edculos paralelos del Antiguo Testamento <strong><span style=\"color: #993300;\">AT<\/span><\/strong> y el Nuevo Testamento<strong><span style=\"color: #ff0000;\"> NT<\/span><\/strong><\/span><\/p>\t\t\t\t\t\t\t\t<\/div>\n\t\t\t\t<\/div>\n\t\t\t\t\t<\/div>\n\t\t<\/div>\n\t\t\t\t\t<\/div>\n\t\t<\/section>\n\t\t\t\t<section class=\"elementor-section elementor-top-section elementor-element elementor-element-194a7db elementor-section-boxed elementor-section-height-default elementor-section-height-default\" data-id=\"194a7db\" data-element_type=\"section\">\n\t\t\t\t\t\t<div class=\"elementor-container elementor-column-gap-default\">\n\t\t\t\t\t<div class=\"elementor-column elementor-col-100 elementor-top-column elementor-element elementor-element-a9ff624\" data-id=\"a9ff624\" data-element_type=\"column\">\n\t\t\t<div class=\"elementor-widget-wrap elementor-element-populated\">\n\t\t\t\t\t\t<div class=\"elementor-element elementor-element-b2090a0 elementor-widget elementor-widget-text-editor\" data-id=\"b2090a0\" data-element_type=\"widget\" data-widget_type=\"text-editor.default\">\n\t\t\t\t<div class=\"elementor-widget-container\">\n\t\t\t\t\t\t\t\t\t<table style=\"border-collapse: collapse; width: 100%;\"><tbody><tr><td style=\"width: 50%;\"><span style=\"color: #993300;\"><strong>AT<\/strong><\/span>&#8211; <a href=\"https:\/\/classic.biblegateway.com\/passage\/?search=Genesis+22%3A+2&amp;version=RVR1960\" target=\"_blank\" rel=\"noopener\"><strong>G\u00e9nesis 22:2<\/strong><\/a>: \u201cToma ahora tu hijo, tu \u00fanico, Isaac\u2026\u201d \u00a0<\/td><td style=\"width: 50%;\"><span style=\"color: #ff0000;\"><strong>NT<\/strong><\/span>&#8211; \u201cPorque de tal manera am\u00f3 Dios al mundo, que ha dado a su Hijo unig\u00e9nito,\u201d <a href=\"https:\/\/classic.biblegateway.com\/passage\/?search=Juan+3%3A+16&amp;version=RVR1960\" target=\"_blank\" rel=\"noopener\"><strong>Juan 3:16<\/strong><\/a><\/td><\/tr><\/tbody><\/table>\t\t\t\t\t\t\t\t<\/div>\n\t\t\t\t<\/div>\n\t\t\t\t\t<\/div>\n\t\t<\/div>\n\t\t\t\t\t<\/div>\n\t\t<\/section>\n\t\t\t\t<section class=\"elementor-section elementor-top-section elementor-element elementor-element-e876909 elementor-section-boxed elementor-section-height-default elementor-section-height-default\" data-id=\"e876909\" data-element_type=\"section\">\n\t\t\t\t\t\t<div class=\"elementor-container elementor-column-gap-default\">\n\t\t\t\t\t<div class=\"elementor-column elementor-col-100 elementor-top-column elementor-element elementor-element-a13bfbe\" data-id=\"a13bfbe\" data-element_type=\"column\">\n\t\t\t<div class=\"elementor-widget-wrap elementor-element-populated\">\n\t\t\t\t\t\t<div class=\"elementor-element elementor-element-831f839 elementor-widget elementor-widget-text-editor\" data-id=\"831f839\" data-element_type=\"widget\" data-widget_type=\"text-editor.default\">\n\t\t\t\t<div class=\"elementor-widget-container\">\n\t\t\t\t\t\t\t\t\t<table style=\"border-collapse: collapse; width: 100%;\"><tbody><tr><td style=\"width: 50%;\"><p style=\"text-align: center;\"><span style=\"color: #993300;\"><strong>AT<\/strong><\/span> \u2013 <a href=\"https:\/\/classic.biblegateway.com\/passage\/?search=Genesis+22%3A+6&amp;version=RVR1960\" target=\"_blank\" rel=\"noopener\"><strong>G\u00e9nesis 22: 6<\/strong><\/a>: <span style=\"color: #808080;\">\u201cY tom\u00f3 Abraham la le\u00f1a del holocausto, y la puso sobre Isaac su hijo&#8230;\u201d<\/span> \u00a0<\/p><\/td><td style=\"width: 50%;\"><span style=\"color: #ff0000;\"><strong>NT<\/strong>\u00a0<\/span><span style=\"text-align: center;\">&#8211; \u201cY \u00e9l, cargando su cruz\u2026\u201d\u00a0<\/span><a style=\"text-align: center;\" href=\"https:\/\/classic.biblegateway.com\/passage\/?search=Juan+19%3A+17&amp;version=RVR1960\" target=\"_blank\" rel=\"noopener\"><strong>Juan 19:17<\/strong><\/a><\/td><\/tr><\/tbody><\/table>\t\t\t\t\t\t\t\t<\/div>\n\t\t\t\t<\/div>\n\t\t\t\t\t<\/div>\n\t\t<\/div>\n\t\t\t\t\t<\/div>\n\t\t<\/section>\n\t\t\t\t<section class=\"elementor-section elementor-top-section elementor-element elementor-element-15d8d46 elementor-section-boxed elementor-section-height-default elementor-section-height-default\" data-id=\"15d8d46\" data-element_type=\"section\">\n\t\t\t\t\t\t<div class=\"elementor-container elementor-column-gap-default\">\n\t\t\t\t\t<div class=\"elementor-column elementor-col-100 elementor-top-column elementor-element elementor-element-8990503\" data-id=\"8990503\" data-element_type=\"column\">\n\t\t\t<div class=\"elementor-widget-wrap elementor-element-populated\">\n\t\t\t\t\t\t<div class=\"elementor-element elementor-element-9f85a40 elementor-widget elementor-widget-text-editor\" data-id=\"9f85a40\" data-element_type=\"widget\" data-widget_type=\"text-editor.default\">\n\t\t\t\t<div class=\"elementor-widget-container\">\n\t\t\t\t\t\t\t\t\t<table style=\"border-collapse: collapse; width: 100%;\"><tbody><tr><td style=\"width: 50%;\"><p style=\"text-align: center;\"><span style=\"color: #993300;\"><strong>AT<\/strong><\/span> \u2013 <a href=\"https:\/\/classic.biblegateway.com\/passage\/?search=Genesis+22%3A+7&amp;version=RVR1960\" target=\"_blank\" rel=\"noopener\"><strong>G\u00e9nesis 22:7<\/strong><\/a>: <span style=\"color: #808080;\">\u201c\u2026 \u00bfd\u00f3nde est\u00e1 el cordero para el holocausto?\u201d<\/span> \u00a0\u00a0<\/p><p style=\"text-align: center;\">\u00a0<\/p><\/td><td style=\"width: 50%;\"><span style=\"color: #ff0000;\"><strong>NT<\/strong><\/span> \u2013 \u201cEl siguiente d\u00eda vio Juan a Jes\u00fas que ven\u00eda a \u00e9l, y dijo: He aqu\u00ed el <strong>Cordero de Dios<\/strong>, que quita el pecado del mundo.\u201d<a href=\"https:\/\/classic.biblegateway.com\/passage\/?search=Juan+1%3A+29&amp;version=RVR1960\" target=\"_blank\" rel=\"noopener\"><strong> Juan 1:29<\/strong><\/a><\/td><\/tr><\/tbody><\/table>\t\t\t\t\t\t\t\t<\/div>\n\t\t\t\t<\/div>\n\t\t\t\t\t<\/div>\n\t\t<\/div>\n\t\t\t\t\t<\/div>\n\t\t<\/section>\n\t\t\t\t<section class=\"elementor-section elementor-top-section elementor-element elementor-element-0c3f078 elementor-section-boxed elementor-section-height-default elementor-section-height-default\" data-id=\"0c3f078\" data-element_type=\"section\">\n\t\t\t\t\t\t<div class=\"elementor-container elementor-column-gap-default\">\n\t\t\t\t\t<div class=\"elementor-column elementor-col-100 elementor-top-column elementor-element elementor-element-56c16a8\" data-id=\"56c16a8\" data-element_type=\"column\">\n\t\t\t<div class=\"elementor-widget-wrap elementor-element-populated\">\n\t\t\t\t\t\t<div class=\"elementor-element elementor-element-838bcbb elementor-widget elementor-widget-heading\" data-id=\"838bcbb\" data-element_type=\"widget\" data-widget_type=\"heading.default\">\n\t\t\t\t<div class=\"elementor-widget-container\">\n\t\t\t\t\t<h3 class=\"elementor-heading-title elementor-size-default\">La provisi\u00f3n mas importante para nuestras vidas ya fue dada por nuestro Padre Celestial, Jesucristo el cual por medio de su sacrificio en la Cruz nos ha dado vida eterna.<\/h3>\t\t\t\t<\/div>\n\t\t\t\t<\/div>\n\t\t\t\t\t<\/div>\n\t\t<\/div>\n\t\t\t\t\t<\/div>\n\t\t<\/section>\n\t\t\t\t<section class=\"elementor-section elementor-top-section elementor-element elementor-element-54bf3e8 elementor-section-boxed elementor-section-height-default elementor-section-height-default\" data-id=\"54bf3e8\" data-element_type=\"section\">\n\t\t\t\t\t\t<div class=\"elementor-container elementor-column-gap-default\">\n\t\t\t\t\t<div class=\"elementor-column elementor-col-100 elementor-top-column elementor-element elementor-element-fa2004a\" data-id=\"fa2004a\" data-element_type=\"column\">\n\t\t\t<div class=\"elementor-widget-wrap elementor-element-populated\">\n\t\t\t\t\t\t<div class=\"elementor-element elementor-element-956a267 elementor-widget elementor-widget-text-editor\" data-id=\"956a267\" data-element_type=\"widget\" data-widget_type=\"text-editor.default\">\n\t\t\t\t<div class=\"elementor-widget-container\">\n\t\t\t\t\t\t\t\t\t<p>Dios es rico en misericordia, grande en amor y nos ha dado a su \u00fanico Hijo. Y con Cristo tenemos todas las cosas. Dios es Dios de provisi\u00f3n. Hoy y siempre podemos decir: <em><strong>Jehov\u00e1-Jireh<\/strong><\/em><\/p><p>El que no escatim\u00f3 ni a su propio Hijo, sino que lo entreg\u00f3 por todos nosotros, \u00bfc\u00f3mo no nos dar\u00e1 tambi\u00e9n con \u00e9l todas las cosas? <a href=\"https:\/\/classic.biblegateway.com\/passage\/?search=Romanos+8%3A+32&amp;version=RVR1960\" target=\"_blank\" rel=\"noopener\"><strong>Romanos 8: 32<\/strong><\/a><\/p><p><span style=\"font-size: 14pt; color: #000080;\"><strong>Para reflexionar.<\/strong><\/span><\/p><ul style=\"list-style-type: disc;\"><li>\u00bfHay algo m\u00e1s valioso que la salvaci\u00f3n del alma?<\/li><li>\u00bfEst\u00e1 dispuesto a entregarle a Dios lo que \u00c9l le pida?<\/li><\/ul>\t\t\t\t\t\t\t\t<\/div>\n\t\t\t\t<\/div>\n\t\t\t\t\t<\/div>\n\t\t<\/div>\n\t\t\t\t\t<\/div>\n\t\t<\/section>\n\t\t\t\t<section class=\"elementor-section elementor-top-section elementor-element elementor-element-ae5a465 elementor-section-boxed elementor-section-height-default elementor-section-height-default\" data-id=\"ae5a465\" data-element_type=\"section\">\n\t\t\t\t\t\t<div class=\"elementor-container elementor-column-gap-default\">\n\t\t\t\t\t<div class=\"elementor-column elementor-col-100 elementor-top-column elementor-element elementor-element-1393075\" data-id=\"1393075\" data-element_type=\"column\">\n\t\t\t<div class=\"elementor-widget-wrap elementor-element-populated\">\n\t\t\t\t\t\t<div class=\"elementor-element elementor-element-aea16c2 elementor-widget-divider--view-line elementor-widget elementor-widget-divider\" data-id=\"aea16c2\" data-element_type=\"widget\" data-widget_type=\"divider.default\">\n\t\t\t\t<div class=\"elementor-widget-container\">\n\t\t\t\t\t\t\t<div class=\"elementor-divider\">\n\t\t\t<span class=\"elementor-divider-separator\">\n\t\t\t\t\t\t<\/span>\n\t\t<\/div>\n\t\t\t\t\t\t<\/div>\n\t\t\t\t<\/div>\n\t\t\t\t\t<\/div>\n\t\t<\/div>\n\t\t\t\t\t<\/div>\n\t\t<\/section>\n\t\t\t\t<section class=\"elementor-section elementor-top-section elementor-element elementor-element-c0be52f elementor-section-boxed elementor-section-height-default elementor-section-height-default\" data-id=\"c0be52f\" data-element_type=\"section\">\n\t\t\t\t\t\t<div class=\"elementor-container elementor-column-gap-default\">\n\t\t\t\t\t<div class=\"elementor-column elementor-col-100 elementor-top-column elementor-element elementor-element-81b5efd\" data-id=\"81b5efd\" data-element_type=\"column\">\n\t\t\t<div class=\"elementor-widget-wrap elementor-element-populated\">\n\t\t\t\t\t\t<div class=\"elementor-element elementor-element-c6a7810 elementor-widget elementor-widget-image\" data-id=\"c6a7810\" data-element_type=\"widget\" data-widget_type=\"image.default\">\n\t\t\t\t<div class=\"elementor-widget-container\">\n\t\t\t\t\t\t\t\t\t\t\t\t\t\t\t\t<a href=\"https:\/\/cadotx.com\/church\/nosotros\/\" target=\"_blank\" rel=\"nofollow\">\n\t\t\t\t\t\t\t<img fetchpriority=\"high\" decoding=\"async\" width=\"750\" height=\"275\" src=\"https:\/\/cadotx.com\/church\/wp-content\/uploads\/2020\/07\/Eduardo-y-Jenifer-Peraza-pastores.jpg\" class=\"attachment-large size-large wp-image-1201\" alt=\"\" srcset=\"https:\/\/cadotx.com\/church\/wp-content\/uploads\/2020\/07\/Eduardo-y-Jenifer-Peraza-pastores.jpg 750w, https:\/\/cadotx.com\/church\/wp-content\/uploads\/2020\/07\/Eduardo-y-Jenifer-Peraza-pastores-300x110.jpg 300w\" sizes=\"(max-width: 750px) 100vw, 750px\" \/>\t\t\t\t\t\t\t\t<\/a>\n\t\t\t\t\t\t\t\t\t\t\t\t\t\t\t<\/div>\n\t\t\t\t<\/div>\n\t\t\t\t\t<\/div>\n\t\t<\/div>\n\t\t\t\t\t<\/div>\n\t\t<\/section>\n\t\t\t\t<\/div>\n\t\t","protected":false},"excerpt":{"rendered":"<div class='heateorSssClear'><\/div><div  class='heateor_sss_sharing_container heateor_sss_horizontal_sharing' data-heateor-sss-href='https:\/\/cadotx.com\/church\/la-provision-de-dios\/'><div class='heateor_sss_sharing_title' style=\"font-weight:bold\" ><\/div><div class=\"heateor_sss_sharing_ul\"><a aria-label=\"Facebook\" class=\"heateor_sss_facebook\" href=\"https:\/\/www.facebook.com\/sharer\/sharer.php?u=https%3A%2F%2Fcadotx.com%2Fchurch%2Fla-provision-de-dios%2F\" title=\"Facebook\" rel=\"nofollow noopener\" target=\"_blank\" style=\"font-size:32px!important;box-shadow:none;display:inline-block;vertical-align:middle\"><span class=\"heateor_sss_svg\" style=\"background-color:#0765FE;width:40px;height:40px;border-radius:999px;display:inline-block;opacity:1;float:left;font-size:32px;box-shadow:none;display:inline-block;font-size:16px;padding:0 4px;vertical-align:middle;background-repeat:repeat;overflow:hidden;padding:0;cursor:pointer;box-sizing:content-box\"><svg style=\"display:block;border-radius:999px;\" focusable=\"false\" aria-hidden=\"true\" xmlns=\"http:\/\/www.w3.org\/2000\/svg\" width=\"100%\" height=\"100%\" viewBox=\"0 0 32 32\"><path fill=\"#fff\" d=\"M28 16c0-6.627-5.373-12-12-12S4 9.373 4 16c0 5.628 3.875 10.35 9.101 11.647v-7.98h-2.474V16H13.1v-1.58c0-4.085 1.849-5.978 5.859-5.978.76 0 2.072.15 2.608.298v3.325c-.283-.03-.775-.045-1.386-.045-1.967 0-2.728.745-2.728 2.683V16h3.92l-.673 3.667h-3.247v8.245C23.395 27.195 28 22.135 28 16Z\"><\/path><\/svg><\/span><\/a><a target=\"_blank\" aria-label=\"Facebook Messenger\" class=\"heateor_sss_button_facebook_messenger\" href=\"https:\/\/www.facebook.com\/dialog\/send?app_id=1904103319867886&display=popup&link=https%3A%2F%2Fcadotx.com%2Fchurch%2Fla-provision-de-dios%2F&redirect_uri=https%3A%2F%2Fcadotx.com%2Fchurch%2Fla-provision-de-dios%2F\" style=\"font-size:32px!important;box-shadow:none;display:inline-block;vertical-align:middle\"><span class=\"heateor_sss_svg heateor_sss_s__default heateor_sss_s_facebook_messenger\" style=\"background-color:#0084ff;width:40px;height:40px;border-radius:999px;display:inline-block;opacity:1;float:left;font-size:32px;box-shadow:none;display:inline-block;font-size:16px;padding:0 4px;vertical-align:middle;background-repeat:repeat;overflow:hidden;padding:0;cursor:pointer;box-sizing:content-box\"><svg style=\"display:block;border-radius:999px;\" focusable=\"false\" aria-hidden=\"true\" xmlns=\"http:\/\/www.w3.org\/2000\/svg\" width=\"100%\" height=\"100%\" viewBox=\"-2 -2 36 36\"><path fill=\"#fff\" d=\"M16 5C9.986 5 5.11 9.56 5.11 15.182c0 3.2 1.58 6.054 4.046 7.92V27l3.716-2.06c.99.276 2.04.425 3.128.425 6.014 0 10.89-4.56 10.89-10.183S22.013 5 16 5zm1.147 13.655L14.33 15.73l-5.423 3 5.946-6.31 2.816 2.925 5.42-3-5.946 6.31z\"\/><\/svg><\/span><\/a><a aria-label=\"Whatsapp\" class=\"heateor_sss_whatsapp\" href=\"https:\/\/api.whatsapp.com\/send?text=Altares%20de%20Adoraci%C3%B3n%3A%20La%20provisi%C3%B3n%20de%20Dios%20https%3A%2F%2Fcadotx.com%2Fchurch%2Fla-provision-de-dios%2F\" title=\"Whatsapp\" rel=\"nofollow noopener\" target=\"_blank\" style=\"font-size:32px!important;box-shadow:none;display:inline-block;vertical-align:middle\"><span class=\"heateor_sss_svg\" style=\"background-color:#55eb4c;width:40px;height:40px;border-radius:999px;display:inline-block;opacity:1;float:left;font-size:32px;box-shadow:none;display:inline-block;font-size:16px;padding:0 4px;vertical-align:middle;background-repeat:repeat;overflow:hidden;padding:0;cursor:pointer;box-sizing:content-box\"><svg style=\"display:block;border-radius:999px;\" focusable=\"false\" aria-hidden=\"true\" xmlns=\"http:\/\/www.w3.org\/2000\/svg\" width=\"100%\" height=\"100%\" viewBox=\"-6 -5 40 40\"><path class=\"heateor_sss_svg_stroke heateor_sss_no_fill\" stroke=\"#fff\" stroke-width=\"2\" fill=\"none\" d=\"M 11.579798566743314 24.396926207859085 A 10 10 0 1 0 6.808479557110079 20.73576436351046\"><\/path><path d=\"M 7 19 l -1 6 l 6 -1\" class=\"heateor_sss_no_fill heateor_sss_svg_stroke\" stroke=\"#fff\" stroke-width=\"2\" fill=\"none\"><\/path><path d=\"M 10 10 q -1 8 8 11 c 5 -1 0 -6 -1 -3 q -4 -3 -5 -5 c 4 -2 -1 -5 -1 -4\" fill=\"#fff\"><\/path><\/svg><\/span><\/a><a aria-label=\"SMS\" class=\"heateor_sss_button_sms\" href=\"sms:?&body=Altares%20de%20Adoraci%C3%B3n%3A%20La%20provisi%C3%B3n%20de%20Dios%20https%3A%2F%2Fcadotx.com%2Fchurch%2Fla-provision-de-dios%2F\" title=\"SMS\" rel=\"nofollow noopener\" style=\"font-size:32px!important;box-shadow:none;display:inline-block;vertical-align:middle\"><span class=\"heateor_sss_svg heateor_sss_s__default heateor_sss_s_sms\" style=\"background-color:#6ebe45;width:40px;height:40px;border-radius:999px;display:inline-block;opacity:1;float:left;font-size:32px;box-shadow:none;display:inline-block;font-size:16px;padding:0 4px;vertical-align:middle;background-repeat:repeat;overflow:hidden;padding:0;cursor:pointer;box-sizing:content-box\"><svg style=\"display:block;border-radius:999px;\" focusable=\"false\" aria-hidden=\"true\" xmlns=\"http:\/\/www.w3.org\/2000\/svg\" width=\"100%\" height=\"100%\" viewBox=\"0 0 32 32\"><path fill=\"#fff\" d=\"M16 3.543c-7.177 0-13 4.612-13 10.294 0 3.35 2.027 6.33 5.16 8.21 1.71 1.565 1.542 4.08-.827 6.41 2.874 0 7.445-1.698 8.462-4.34H16c7.176 0 13-4.605 13-10.285s-5.824-10.29-13-10.29zM9.045 17.376c-.73 0-1.45-.19-1.81-.388l.294-1.194c.384.2.98.398 1.6.398.66 0 1.01-.275 1.01-.692 0-.398-.302-.625-1.07-.9-1.06-.37-1.753-.957-1.753-1.886 0-1.09.91-1.924 2.415-1.924.72 0 1.25.152 1.63.322l-.322 1.166a3.037 3.037 0 0 0-1.336-.303c-.625 0-.93.284-.93.616 0 .41.36.59 1.186.9 1.127.42 1.658 1.01 1.658 1.91.003 1.07-.822 1.98-2.575 1.98zm9.053-.095l-.095-2.44a72.993 72.993 0 0 1-.057-2.626h-.028a35.41 35.41 0 0 1-.71 2.475l-.778 2.49h-1.128l-.682-2.473a29.602 29.602 0 0 1-.578-2.493h-.02c-.037.863-.065 1.85-.112 2.645l-.114 2.425H12.46l.407-6.386h1.924l.63 2.13c.2.74.397 1.536.54 2.285h.027a52.9 52.9 0 0 1 .607-2.293l.683-2.12h1.886l.35 6.386H18.1zm4.09.1c-.73 0-1.45-.19-1.81-.39l.293-1.194c.39.2.99.398 1.605.398.663 0 1.014-.275 1.014-.692 0-.396-.305-.623-1.07-.9-1.064-.37-1.755-.955-1.755-1.884 0-1.09.91-1.924 2.416-1.924.72 0 1.25.153 1.63.323l-.322 1.166a3.038 3.038 0 0 0-1.337-.303c-.625 0-.93.284-.93.616 0 .408.36.588 1.186.9 1.127.42 1.658 1.006 1.658 1.906.002 1.07-.823 1.98-2.576 1.98z\"><\/path><\/svg><\/span><\/a><a aria-label=\"X\" class=\"heateor_sss_button_x\" href=\"https:\/\/twitter.com\/intent\/tweet?text=Altares%20de%20Adoraci%C3%B3n%3A%20La%20provisi%C3%B3n%20de%20Dios&url=https%3A%2F%2Fcadotx.com%2Fchurch%2Fla-provision-de-dios%2F\" title=\"X\" rel=\"nofollow noopener\" target=\"_blank\" style=\"font-size:32px!important;box-shadow:none;display:inline-block;vertical-align:middle\"><span class=\"heateor_sss_svg heateor_sss_s__default heateor_sss_s_x\" style=\"background-color:#2a2a2a;width:40px;height:40px;border-radius:999px;display:inline-block;opacity:1;float:left;font-size:32px;box-shadow:none;display:inline-block;font-size:16px;padding:0 4px;vertical-align:middle;background-repeat:repeat;overflow:hidden;padding:0;cursor:pointer;box-sizing:content-box\"><svg width=\"100%\" height=\"100%\" style=\"display:block;border-radius:999px;\" focusable=\"false\" aria-hidden=\"true\" xmlns=\"http:\/\/www.w3.org\/2000\/svg\" viewBox=\"0 0 32 32\"><path fill=\"#fff\" d=\"M21.751 7h3.067l-6.7 7.658L26 25.078h-6.172l-4.833-6.32-5.531 6.32h-3.07l7.167-8.19L6 7h6.328l4.37 5.777L21.75 7Zm-1.076 16.242h1.7L11.404 8.74H9.58l11.094 14.503Z\"><\/path><\/svg><\/span><\/a><\/div><div class=\"heateorSssClear\"><\/div><\/div><div class='heateorSssClear'><\/div><p>Para que Abraham fuese conocido como el padre de la Fe, no fue solo porque crey\u00f3 y obedeci\u00f3, el fue probado en muchas situaciones. G\u00e9nesis 22:2 Y dijo: Toma ahora tu hijo, tu \u00fanico, Isaac, a quien amas, y vete a tierra de Moriah, y ofr\u00e9celo all\u00ed en holocausto sobre uno de los montes que&#8230;<\/p>\n","protected":false},"author":3,"featured_media":1230,"comment_status":"closed","ping_status":"closed","sticky":false,"template":"","format":"standard","meta":{"_kad_post_transparent":"","_kad_post_title":"","_kad_post_layout":"","_kad_post_sidebar_id":"","_kad_post_content_style":"","_kad_post_vertical_padding":"","_kad_post_feature":"","_kad_post_feature_position":"","_kad_post_header":false,"_kad_post_footer":false,"_kad_post_classname":"","footnotes":""},"categories":[18],"tags":[19,20,21],"_links":{"self":[{"href":"https:\/\/cadotx.com\/church\/wp-json\/wp\/v2\/posts\/1229"}],"collection":[{"href":"https:\/\/cadotx.com\/church\/wp-json\/wp\/v2\/posts"}],"about":[{"href":"https:\/\/cadotx.com\/church\/wp-json\/wp\/v2\/types\/post"}],"author":[{"embeddable":true,"href":"https:\/\/cadotx.com\/church\/wp-json\/wp\/v2\/users\/3"}],"replies":[{"embeddable":true,"href":"https:\/\/cadotx.com\/church\/wp-json\/wp\/v2\/comments?post=1229"}],"version-history":[{"count":10,"href":"https:\/\/cadotx.com\/church\/wp-json\/wp\/v2\/posts\/1229\/revisions"}],"predecessor-version":[{"id":1242,"href":"https:\/\/cadotx.com\/church\/wp-json\/wp\/v2\/posts\/1229\/revisions\/1242"}],"wp:featuredmedia":[{"embeddable":true,"href":"https:\/\/cadotx.com\/church\/wp-json\/wp\/v2\/media\/1230"}],"wp:attachment":[{"href":"https:\/\/cadotx.com\/church\/wp-json\/wp\/v2\/media?parent=1229"}],"wp:term":[{"taxonomy":"category","embeddable":true,"href":"https:\/\/cadotx.com\/church\/wp-json\/wp\/v2\/categories?post=1229"},{"taxonomy":"post_tag","embeddable":true,"href":"https:\/\/cadotx.com\/church\/wp-json\/wp\/v2\/tags?post=1229"}],"curies":[{"name":"wp","href":"https:\/\/api.w.org\/{rel}","templated":true}]}}